{"id":2313,"date":"2025-02-22T00:24:16","date_gmt":"2025-02-22T00:24:16","guid":{"rendered":"https:\/\/eventos.ori-estarreja.pt\/abom2025\/?p=2313"},"modified":"2025-02-22T22:42:37","modified_gmt":"2025-02-22T22:42:37","slug":"juri-tecnico-trailo","status":"publish","type":"post","link":"https:\/\/eventos.ori-estarreja.pt\/abom2025\/2025\/02\/22\/juri-tecnico-trailo\/","title":{"rendered":"J\u00fari T\u00e9cnico TrailO"},"content":{"rendered":"<div id=\"pl-gb2313-69f45535a7a9b\"  class=\"panel-layout\" ><div id=\"pg-gb2313-69f45535a7a9b-0\"  class=\"panel-grid panel-has-style\" ><div class=\"panel-row-style panel-row-style-for-gb2313-69f45535a7a9b-0\" ><div id=\"pgc-gb2313-69f45535a7a9b-0-0\"  class=\"panel-grid-cell\" ><div id=\"panel-gb2313-69f45535a7a9b-0-0-0\" class=\"so-panel widget widget_sow-editor panel-first-child panel-last-child\" data-index=\"0\" ><div\n\t\t\t\n\t\t\tclass=\"so-widget-sow-editor so-widget-sow-editor-base\"\n\t\t\t\n\t\t>\n<div class=\"siteorigin-widget-tinymce textwidget\">\n\t<p><span class=\"so-premium-web-font\" data-web-font-module=\"google\" data-font-info=\"{&quot;font&quot;:&quot;Poppins&quot;,&quot;webfont&quot;:true,&quot;variant&quot;:&quot;regular&quot;,&quot;module&quot;:&quot;google&quot;}\">O j\u00fari t\u00e9cnico no ABOM 2025 (de Orienta\u00e7\u00e3o de Precis\u00e3o) \u00e9 composto por:<\/span><\/p>\n<ul>\n<li><span class=\"so-premium-web-font\" data-web-font-module=\"google\" data-font-info=\"{&quot;font&quot;:&quot;Poppins&quot;,&quot;webfont&quot;:true,&quot;variant&quot;:&quot;regular&quot;,&quot;module&quot;:&quot;google&quot;}\">Lu\u00eds Gon\u00e7alves (CPOC \/ Portugal)<\/span><\/li>\n<li><span class=\"so-premium-web-font\" data-web-font-module=\"google\" data-font-info=\"{&quot;font&quot;:&quot;Poppins&quot;,&quot;webfont&quot;:true,&quot;variant&quot;:&quot;regular&quot;,&quot;module&quot;:&quot;google&quot;}\">H\u00e9ctor Lorenzo (El Imperdible \/ Espanha)<\/span><\/li>\n<li><span class=\"so-premium-web-font\" data-web-font-module=\"google\" data-font-info=\"{&quot;font&quot;:&quot;Poppins&quot;,&quot;webfont&quot;:true,&quot;variant&quot;:&quot;regular&quot;,&quot;module&quot;:&quot;google&quot;}\">Bartlomiej Mazan (KOS BnO \/ Pol\u00f3nia)<\/span><\/li>\n<\/ul>\n<\/div>\n<\/div><\/div><\/div><\/div><\/div><\/div>","protected":false},"excerpt":{"rendered":"<p>O j\u00fari t\u00e9cnico no ABOM 2025 (de Orienta\u00e7\u00e3o de Precis\u00e3o) \u00e9 composto por: Lu\u00eds Gon\u00e7alves (CPOC \/ Portugal) H\u00e9ctor Lorenzo (El Imperdible \/ Espanha) Bartlomiej Mazan (KOS BnO \/ Pol\u00f3nia)<\/p>\n","protected":false},"author":1,"featured_media":2322,"comment_status":"closed","ping_status":"open","sticky":false,"template":"","format":"standard","meta":{"footnotes":""},"categories":[15],"tags":[],"class_list":["post-2313","post","type-post","status-publish","format-standard","has-post-thumbnail","hentry","category-noticias"],"_links":{"self":[{"href":"https:\/\/eventos.ori-estarreja.pt\/abom2025\/wp-json\/wp\/v2\/posts\/2313","targetHints":{"allow":["GET"]}}],"collection":[{"href":"https:\/\/eventos.ori-estarreja.pt\/abom2025\/wp-json\/wp\/v2\/posts"}],"about":[{"href":"https:\/\/eventos.ori-estarreja.pt\/abom2025\/wp-json\/wp\/v2\/types\/post"}],"author":[{"embeddable":true,"href":"https:\/\/eventos.ori-estarreja.pt\/abom2025\/wp-json\/wp\/v2\/users\/1"}],"replies":[{"embeddable":true,"href":"https:\/\/eventos.ori-estarreja.pt\/abom2025\/wp-json\/wp\/v2\/comments?post=2313"}],"version-history":[{"count":5,"href":"https:\/\/eventos.ori-estarreja.pt\/abom2025\/wp-json\/wp\/v2\/posts\/2313\/revisions"}],"predecessor-version":[{"id":2402,"href":"https:\/\/eventos.ori-estarreja.pt\/abom2025\/wp-json\/wp\/v2\/posts\/2313\/revisions\/2402"}],"wp:featuredmedia":[{"embeddable":true,"href":"https:\/\/eventos.ori-estarreja.pt\/abom2025\/wp-json\/wp\/v2\/media\/2322"}],"wp:attachment":[{"href":"https:\/\/eventos.ori-estarreja.pt\/abom2025\/wp-json\/wp\/v2\/media?parent=2313"}],"wp:term":[{"taxonomy":"category","embeddable":true,"href":"https:\/\/eventos.ori-estarreja.pt\/abom2025\/wp-json\/wp\/v2\/categories?post=2313"},{"taxonomy":"post_tag","embeddable":true,"href":"https:\/\/eventos.ori-estarreja.pt\/abom2025\/wp-json\/wp\/v2\/tags?post=2313"}],"curies":[{"name":"wp","href":"https:\/\/api.w.org\/{rel}","templated":true}]}}