{"id":2212,"date":"2025-02-21T21:59:08","date_gmt":"2025-02-21T21:59:08","guid":{"rendered":"https:\/\/eventos.ori-estarreja.pt\/abom2025\/?p=2212"},"modified":"2025-02-21T22:08:04","modified_gmt":"2025-02-21T22:08:04","slug":"listas-de-partidas-distancia-longa","status":"publish","type":"post","link":"https:\/\/eventos.ori-estarreja.pt\/abom2025\/2025\/02\/21\/listas-de-partidas-distancia-longa\/","title":{"rendered":"Listas de Partidas Dist\u00e2ncia Longa"},"content":{"rendered":"<div id=\"pl-gb2212-69f504be97efa\"  class=\"panel-layout\" ><div id=\"pg-gb2212-69f504be97efa-0\"  class=\"panel-grid panel-has-style\" ><div class=\"panel-row-style panel-row-style-for-gb2212-69f504be97efa-0\" ><div id=\"pgc-gb2212-69f504be97efa-0-0\"  class=\"panel-grid-cell panel-grid-cell-empty\" ><\/div><div id=\"pgc-gb2212-69f504be97efa-0-1\"  class=\"panel-grid-cell panel-grid-cell-mobile-last\" ><div id=\"panel-gb2212-69f504be97efa-0-1-0\" class=\"so-panel widget widget_sow-image panel-first-child panel-last-child\" data-index=\"0\" ><div\n\t\t\t\n\t\t\tclass=\"so-widget-sow-image so-widget-sow-image-default-c67d20f9f743-2212\"\n\t\t\t\n\t\t>\n<div class=\"sow-image-container\">\n\t\t<img \n\tsrc=\"https:\/\/eventos.ori-estarreja.pt\/abom2025\/wp-content\/uploads\/sites\/5\/2025\/02\/23-LISTA-PARTIDAS-LONGA-M-ELITE-1-M-ELITE-2.jpg\" width=\"1080\" height=\"1350\" srcset=\"https:\/\/eventos.ori-estarreja.pt\/abom2025\/wp-content\/uploads\/sites\/5\/2025\/02\/23-LISTA-PARTIDAS-LONGA-M-ELITE-1-M-ELITE-2.jpg 1080w, https:\/\/eventos.ori-estarreja.pt\/abom2025\/wp-content\/uploads\/sites\/5\/2025\/02\/23-LISTA-PARTIDAS-LONGA-M-ELITE-1-M-ELITE-2-240x300.jpg 240w, https:\/\/eventos.ori-estarreja.pt\/abom2025\/wp-content\/uploads\/sites\/5\/2025\/02\/23-LISTA-PARTIDAS-LONGA-M-ELITE-1-M-ELITE-2-819x1024.jpg 819w, https:\/\/eventos.ori-estarreja.pt\/abom2025\/wp-content\/uploads\/sites\/5\/2025\/02\/23-LISTA-PARTIDAS-LONGA-M-ELITE-1-M-ELITE-2-768x960.jpg 768w\" sizes=\"(max-width: 1080px) 100vw, 1080px\" title=\"23 &#8211; LISTA PARTIDAS LONGA M ELITE 1 &amp; M ELITE 2\" alt=\"\" \t\tclass=\"so-widget-image\"\/>\n\t<\/div>\n\n<\/div><\/div><\/div><div id=\"pgc-gb2212-69f504be97efa-0-2\"  class=\"panel-grid-cell panel-grid-cell-empty\" ><\/div><\/div><\/div><div id=\"pg-gb2212-69f504be97efa-1\"  class=\"panel-grid panel-has-style\" ><div class=\"panel-row-style panel-row-style-for-gb2212-69f504be97efa-1\" ><div id=\"pgc-gb2212-69f504be97efa-1-0\"  class=\"panel-grid-cell\" ><div id=\"panel-gb2212-69f504be97efa-1-0-0\" class=\"so-panel widget widget_sow-editor panel-first-child panel-last-child\" data-index=\"1\" ><div class=\"panel-widget-style panel-widget-style-for-gb2212-69f504be97efa-1-0-0\" ><div\n\t\t\t\n\t\t\tclass=\"so-widget-sow-editor so-widget-sow-editor-base\"\n\t\t\t\n\t\t>\n<div class=\"siteorigin-widget-tinymce textwidget\">\n\t<p data-start=\"0\" data-end=\"48\"><span class=\"so-premium-web-font\" style=\"font-family: Poppins;\" data-web-font-module=\"google\" data-font-info=\"{&quot;font&quot;:&quot;Poppins&quot;,&quot;webfont&quot;:true,&quot;variant&quot;:&quot;regular&quot;,&quot;module&quot;:&quot;google&quot;}\">As Listas de Partidas da Dist\u00e2ncia Longa do ABOM 2025 j\u00e1 est\u00e3o online.<\/span><\/p>\n<p data-start=\"0\" data-end=\"48\"><span class=\"so-premium-web-font\" style=\"font-family: Poppins;\" data-web-font-module=\"google\" data-font-info=\"{&quot;font&quot;:&quot;Poppins&quot;,&quot;webfont&quot;:true,&quot;variant&quot;:&quot;regular&quot;,&quot;module&quot;:&quot;google&quot;}\">Podes consultar as listagens na p\u00e1gina <a href=\"https:\/\/eventos.ori-estarreja.pt\/abom2025\/live-center-distancia-longa-wre\/\">Live Center &#8211; Dist\u00e2ncia Longa Ao Vivo<\/a>.<\/span><\/p>\n<p data-start=\"50\" data-end=\"118\"><span class=\"so-premium-web-font\" style=\"font-family: Poppins;\" data-web-font-module=\"google\" data-font-info=\"{&quot;font&quot;:&quot;Poppins&quot;,&quot;webfont&quot;:true,&quot;variant&quot;:&quot;regular&quot;,&quot;module&quot;:&quot;google&quot;}\">Neste momento, est\u00e3o dispon\u00edveis as seguintes listagens :<\/span><\/p>\n<p data-start=\"302\" data-end=\"326\"><span class=\"so-premium-web-font\" style=\"font-family: Poppins;\" data-web-font-module=\"google\" data-font-info=\"{&quot;font&quot;:&quot;Poppins&quot;,&quot;webfont&quot;:true,&quot;variant&quot;:&quot;regular&quot;,&quot;module&quot;:&quot;google&quot;}\"><strong data-start=\"302\" data-end=\"324\">Dist\u00e2ncia Longa WRE:<\/strong><\/span><\/p>\n<ul data-start=\"327\" data-end=\"475\">\n<li data-start=\"327\" data-end=\"390\"><span class=\"so-premium-web-font\" style=\"font-family: Poppins;\" data-web-font-module=\"google\" data-font-info=\"{&quot;font&quot;:&quot;Poppins&quot;,&quot;webfont&quot;:true,&quot;variant&quot;:&quot;regular&quot;,&quot;module&quot;:&quot;google&quot;}\">Escal\u00e3o W Elite, uma vez que n\u00e3o h\u00e1 divis\u00e3o nesta categoria.<\/span><\/li>\n<li data-start=\"327\" data-end=\"390\"><span class=\"so-premium-web-font\" style=\"font-family: Poppins;\" data-web-font-module=\"google\" data-font-info=\"{&quot;font&quot;:&quot;Poppins&quot;,&quot;webfont&quot;:true,&quot;variant&quot;:&quot;regular&quot;,&quot;module&quot;:&quot;google&quot;}\">Escal\u00e3o M Elite 1 e M Elite 2, resultantes da separa\u00e7\u00e3o ap\u00f3s o Pr\u00f3logo<\/span><\/li>\n<li data-start=\"391\" data-end=\"445\"><span class=\"so-premium-web-font\" style=\"font-family: Poppins;\" data-web-font-module=\"google\" data-font-info=\"{&quot;font&quot;:&quot;Poppins&quot;,&quot;webfont&quot;:true,&quot;variant&quot;:&quot;regular&quot;,&quot;module&quot;:&quot;google&quot;}\">Todas os escal\u00f5es\u00a0 de competi\u00e7\u00e3o (n\u00e3o Elite).<\/span><\/li>\n<li data-start=\"446\" data-end=\"475\"><span class=\"so-premium-web-font\" style=\"font-family: Poppins;\" data-web-font-module=\"google\" data-font-info=\"{&quot;font&quot;:&quot;Poppins&quot;,&quot;webfont&quot;:true,&quot;variant&quot;:&quot;regular&quot;,&quot;module&quot;:&quot;google&quot;}\">Escal\u00f5es Open e de Forma\u00e7\u00e3o (atletas partem com esta\u00e7\u00e3o START, tempo de partida \u00e9 livre)<\/span><\/li>\n<\/ul>\n<p data-start=\"477\" data-end=\"503\"><span class=\"so-premium-web-font\" style=\"font-family: Poppins;\" data-web-font-module=\"google\" data-font-info=\"{&quot;font&quot;:&quot;Poppins&quot;,&quot;webfont&quot;:true,&quot;variant&quot;:&quot;regular&quot;,&quot;module&quot;:&quot;google&quot;}\"><strong data-start=\"477\" data-end=\"501\">Dist\u00e2ncia M\u00e9dia WRE:<\/strong><\/span><\/p>\n<ul data-start=\"504\" data-end=\"581\">\n<li data-start=\"504\" data-end=\"551\"><span class=\"so-premium-web-font\" style=\"font-family: Poppins;\" data-web-font-module=\"google\" data-font-info=\"{&quot;font&quot;:&quot;Poppins&quot;,&quot;webfont&quot;:true,&quot;variant&quot;:&quot;regular&quot;,&quot;module&quot;:&quot;google&quot;}\">Todas os escal\u00f5es\u00a0 de competi\u00e7\u00e3o (n\u00e3o Elite).<\/span><\/li>\n<li><span class=\"so-premium-web-font\" style=\"font-family: Poppins;\" data-web-font-module=\"google\" data-font-info=\"{&quot;font&quot;:&quot;Poppins&quot;,&quot;webfont&quot;:true,&quot;variant&quot;:&quot;regular&quot;,&quot;module&quot;:&quot;google&quot;}\">Escal\u00f5es Open e de Forma\u00e7\u00e3o (atletas partem com esta\u00e7\u00e3o START, tempo de partida \u00e9 livre)<\/span><\/li>\n<\/ul>\n<p data-start=\"583\" data-end=\"783\"><span class=\"so-premium-web-font\" style=\"font-family: Poppins;\" data-web-font-module=\"google\" data-font-info=\"{&quot;font&quot;:&quot;Poppins&quot;,&quot;webfont&quot;:true,&quot;variant&quot;:&quot;regular&quot;,&quot;module&quot;:&quot;google&quot;}\">As <strong data-start=\"586\" data-end=\"618\">Partidas do escal\u00e3o M Elite 1 e M Elite 2<\/strong> para a provas de Dist\u00e2ncia M\u00e9dia WRE ainda n\u00e3o foram publicadas, pois dependem do resultado da Dist\u00e2ncia Longa WRE.<\/span><\/p>\n<p data-start=\"785\" data-end=\"937\"><span class=\"so-premium-web-font\" style=\"font-family: Poppins;\" data-web-font-module=\"google\" data-font-info=\"{&quot;font&quot;:&quot;Poppins&quot;,&quot;webfont&quot;:true,&quot;variant&quot;:&quot;regular&quot;,&quot;module&quot;:&quot;google&quot;}\">As <strong data-start=\"787\" data-end=\"818\">Partidas do escal\u00e3o\u00a0 W Elite<\/strong> para a prova de Dist\u00e2ncia M\u00e9dia WRE tamb\u00e9m ainda n\u00e3o foi publicadas, pois dependem dos resultados da Dist\u00e2ncia Longa WRE.<\/span><\/p>\n<p>&nbsp;<\/p>\n<\/div>\n<\/div><\/div><\/div><\/div><\/div><\/div><\/div>\n\n\n<p><\/p>\n","protected":false},"excerpt":{"rendered":"<p>As Listas de Partidas da Dist\u00e2ncia Longa do ABOM 2025 j\u00e1 est\u00e3o online. Podes consultar as listagens na p\u00e1gina Live Center &#8211; Dist\u00e2ncia Longa Ao Vivo. Neste momento, est\u00e3o dispon\u00edveis as seguintes listagens : Dist\u00e2ncia Longa WRE: Escal\u00e3o W Elite, uma vez que n\u00e3o h\u00e1 divis\u00e3o nesta categoria. Escal\u00e3o M Elite 1 e M Elite [&hellip;]<\/p>\n","protected":false},"author":1,"featured_media":1768,"comment_status":"closed","ping_status":"open","sticky":false,"template":"","format":"standard","meta":{"footnotes":""},"categories":[15],"tags":[],"class_list":["post-2212","post","type-post","status-publish","format-standard","has-post-thumbnail","hentry","category-noticias"],"_links":{"self":[{"href":"https:\/\/eventos.ori-estarreja.pt\/abom2025\/wp-json\/wp\/v2\/posts\/2212","targetHints":{"allow":["GET"]}}],"collection":[{"href":"https:\/\/eventos.ori-estarreja.pt\/abom2025\/wp-json\/wp\/v2\/posts"}],"about":[{"href":"https:\/\/eventos.ori-estarreja.pt\/abom2025\/wp-json\/wp\/v2\/types\/post"}],"author":[{"embeddable":true,"href":"https:\/\/eventos.ori-estarreja.pt\/abom2025\/wp-json\/wp\/v2\/users\/1"}],"replies":[{"embeddable":true,"href":"https:\/\/eventos.ori-estarreja.pt\/abom2025\/wp-json\/wp\/v2\/comments?post=2212"}],"version-history":[{"count":6,"href":"https:\/\/eventos.ori-estarreja.pt\/abom2025\/wp-json\/wp\/v2\/posts\/2212\/revisions"}],"predecessor-version":[{"id":2227,"href":"https:\/\/eventos.ori-estarreja.pt\/abom2025\/wp-json\/wp\/v2\/posts\/2212\/revisions\/2227"}],"wp:featuredmedia":[{"embeddable":true,"href":"https:\/\/eventos.ori-estarreja.pt\/abom2025\/wp-json\/wp\/v2\/media\/1768"}],"wp:attachment":[{"href":"https:\/\/eventos.ori-estarreja.pt\/abom2025\/wp-json\/wp\/v2\/media?parent=2212"}],"wp:term":[{"taxonomy":"category","embeddable":true,"href":"https:\/\/eventos.ori-estarreja.pt\/abom2025\/wp-json\/wp\/v2\/categories?post=2212"},{"taxonomy":"post_tag","embeddable":true,"href":"https:\/\/eventos.ori-estarreja.pt\/abom2025\/wp-json\/wp\/v2\/tags?post=2212"}],"curies":[{"name":"wp","href":"https:\/\/api.w.org\/{rel}","templated":true}]}}